{"id":16328,"global_id":"www.teysalpi.ch\/wp?id=16328","global_id_lineage":["www.teysalpi.ch\/wp?id=16328"],"author":"3","status":"publish","date":"2021-10-01 10:30:14","date_utc":"2021-10-01 09:30:14","modified":"2021-10-01 10:43:11","modified_utc":"2021-10-01 09:43:11","url":"https:\/\/www.teysalpi.ch\/wp\/calendrier\/preparation-physique-2021-avant-saison-3\/","rest_url":"https:\/\/www.teysalpi.ch\/wp\/wp-json\/tribe\/events\/v1\/events\/16328","title":"Pr\u00e9paration physique 2021 &#8211; avant saison 3","description":"<p>[et_pb_section fb_built=\u00a0\u00bb1&Prime; _builder_version=\u00a0\u00bb4.6.0&Prime;][et_pb_row column_structure=\u00a0\u00bb2_5,3_5&Prime; _builder_version=\u00a0\u00bb4.6.3&Prime; _module_preset=\u00a0\u00bbdefault\u00a0\u00bb][et_pb_column type=\u00a0\u00bb2_5&Prime; _builder_version=\u00a0\u00bb4.6.3&Prime; _module_preset=\u00a0\u00bbdefault\u00a0\u00bb][et_pb_text admin_label=\u00a0\u00bbTexte\u00a0\u00bb _builder_version=\u00a0\u00bb4.6.0&Prime; background_size=\u00a0\u00bbinitial\u00a0\u00bb background_position=\u00a0\u00bbtop_left\u00a0\u00bb background_repeat=\u00a0\u00bbrepeat\u00a0\u00bb]<\/p>\n<p><span style=\"color: #00ccff;\"><strong>\u00a0Th\u00e8me<br \/><\/strong><\/span> D\u00e9crassage \/ Reprise de la pr\u00e9paration<br \/>Rodage des muscles, histoire de pouvoir encore marcher avant de mettre les skis!<\/p>\n<p><span style=\"color: #00ccff;\"><strong>Equipement<br \/><\/strong><\/span>&#8211; Affaire de course \u00e0 pied (trail)<br \/>&#8211; Bonne lampe frontale<br \/>&#8211; Habits adapt\u00e9s \u00e0 la m\u00e9t\u00e9o<\/p>\n<p><span style=\"color: #00ccff;\"><strong>Horaire<br \/><\/strong><\/span>18h30 &#8211; 20h00<\/p>\n<p><strong><span style=\"color: #00ccff;\">Lieu<\/span><br \/><\/strong>En principe piste vita de Ch\u00e2tel-Saint-Denis\u00a0<br \/>Le lieu est confirm\u00e9 par mail les jours pr\u00e9c\u00e9dents<\/p>\n<p>&nbsp;<\/p>\n<p>[\/et_pb_text][\/et_pb_column][et_pb_column type=\u00a0\u00bb3_5&Prime; _builder_version=\u00a0\u00bb4.6.3&Prime; _module_preset=\u00a0\u00bbdefault\u00a0\u00bb][\/et_pb_column][\/et_pb_row][\/et_pb_section]<\/p>","excerpt":"","slug":"preparation-physique-2021-avant-saison-3","image":{"url":"https:\/\/www.teysalpi.ch\/wp\/wp-content\/uploads\/2015\/12\/entra\u00eenemt_mercredi_3.png","id":5953,"extension":"png","width":3876,"height":1647,"sizes":{"woocommerce_thumbnail":{"width":500,"height":500,"mime-type":"image\/png","uncropped":true,"url":"https:\/\/www.teysalpi.ch\/wp\/wp-content\/uploads\/2015\/12\/entra\u00eenemt_mercredi_3-500x500.png"},"woocommerce_gallery_thumbnail":{"width":100,"height":100,"mime-type":"image\/png","url":"https:\/\/www.teysalpi.ch\/wp\/wp-content\/uploads\/2015\/12\/entra\u00eenemt_mercredi_3-100x100.png"},"woocommerce_single":{"width":650,"height":276,"mime-type":"image\/png","url":"https:\/\/www.teysalpi.ch\/wp\/wp-content\/uploads\/2015\/12\/entra\u00eenemt_mercredi_3-650x276.png"},"thumbnail":{"width":200,"height":200,"mime-type":"image\/png","url":"https:\/\/www.teysalpi.ch\/wp\/wp-content\/uploads\/2015\/12\/entra\u00eenemt_mercredi_3-200x200.png"},"medium":{"width":500,"height":212,"mime-type":"image\/png","url":"https:\/\/www.teysalpi.ch\/wp\/wp-content\/uploads\/2015\/12\/entra\u00eenemt_mercredi_3-500x212.png"},"medium_large":{"width":768,"height":326,"mime-type":"image\/png","url":"https:\/\/www.teysalpi.ch\/wp\/wp-content\/uploads\/2015\/12\/entra\u00eenemt_mercredi_3-768x326.png"},"large":{"width":1024,"height":435,"mime-type":"image\/png","url":"https:\/\/www.teysalpi.ch\/wp\/wp-content\/uploads\/2015\/12\/entra\u00eenemt_mercredi_3-1024x435.png"},"wysija-newsletters-max":{"width":600,"height":255,"mime-type":"image\/png","url":"https:\/\/www.teysalpi.ch\/wp\/wp-content\/uploads\/2015\/12\/entra\u00eenemt_mercredi_3-600x255.png"},"shop_thumbnail":{"width":100,"height":100,"mime-type":"image\/png","url":"https:\/\/www.teysalpi.ch\/wp\/wp-content\/uploads\/2015\/12\/entra\u00eenemt_mercredi_3-100x100.png"},"shop_catalog":{"width":500,"height":500,"mime-type":"image\/png","uncropped":true,"url":"https:\/\/www.teysalpi.ch\/wp\/wp-content\/uploads\/2015\/12\/entra\u00eenemt_mercredi_3-500x500.png"},"shop_single":{"width":650,"height":276,"mime-type":"image\/png","url":"https:\/\/www.teysalpi.ch\/wp\/wp-content\/uploads\/2015\/12\/entra\u00eenemt_mercredi_3-650x276.png"},"et-pb-post-main-image":{"width":400,"height":250,"mime-type":"image\/png","url":"https:\/\/www.teysalpi.ch\/wp\/wp-content\/uploads\/2015\/12\/entra\u00eenemt_mercredi_3-400x250.png"},"et-pb-post-main-image-fullwidth":{"width":1080,"height":675,"mime-type":"image\/png","url":"https:\/\/www.teysalpi.ch\/wp\/wp-content\/uploads\/2015\/12\/entra\u00eenemt_mercredi_3-1080x675.png"},"et-pb-portfolio-image":{"width":400,"height":284,"mime-type":"image\/png","url":"https:\/\/www.teysalpi.ch\/wp\/wp-content\/uploads\/2015\/12\/entra\u00eenemt_mercredi_3-400x284.png"},"et-pb-portfolio-module-image":{"width":510,"height":382,"mime-type":"image\/png","url":"https:\/\/www.teysalpi.ch\/wp\/wp-content\/uploads\/2015\/12\/entra\u00eenemt_mercredi_3-510x382.png"},"et-pb-portfolio-image-single":{"width":1080,"height":459,"mime-type":"image\/png","url":"https:\/\/www.teysalpi.ch\/wp\/wp-content\/uploads\/2015\/12\/entra\u00eenemt_mercredi_3-1080x459.png"},"et-pb-gallery-module-image-portrait":{"width":400,"height":516,"mime-type":"image\/png","url":"https:\/\/www.teysalpi.ch\/wp\/wp-content\/uploads\/2015\/12\/entra\u00eenemt_mercredi_3-400x516.png"},"et-pb-post-main-image-fullwidth-large":{"width":2880,"height":1647,"mime-type":"image\/png","url":"https:\/\/www.teysalpi.ch\/wp\/wp-content\/uploads\/2015\/12\/entra\u00eenemt_mercredi_3-2880x1647.png"}}},"all_day":false,"start_date":"2021-11-03 18:30:00","start_date_details":{"year":"2021","month":"11","day":"03","hour":"18","minutes":"30","seconds":"00"},"end_date":"2021-11-03 20:00:00","end_date_details":{"year":"2021","month":"11","day":"03","hour":"20","minutes":"00","seconds":"00"},"utc_start_date":"2021-11-03 17:30:00","utc_start_date_details":{"year":"2021","month":"11","day":"03","hour":"17","minutes":"30","seconds":"00"},"utc_end_date":"2021-11-03 19:00:00","utc_end_date_details":{"year":"2021","month":"11","day":"03","hour":"19","minutes":"00","seconds":"00"},"timezone":"UTC+1","timezone_abbr":"UTC+1","cost":"","cost_details":{"currency_symbol":"","currency_code":"","currency_position":"suffix","values":[]},"website":"","show_map":false,"show_map_link":true,"hide_from_listings":false,"sticky":false,"featured":false,"categories":[{"name":"Entra\u00eenement","slug":"entrainement","term_group":0,"term_taxonomy_id":38,"taxonomy":"tribe_events_cat","description":"","parent":0,"count":139,"filter":"raw","term_order":"0","id":34,"urls":{"self":"https:\/\/www.teysalpi.ch\/wp\/wp-json\/tribe\/events\/v1\/categories\/34","collection":"https:\/\/www.teysalpi.ch\/wp\/wp-json\/tribe\/events\/v1\/categories"}}],"tags":[],"venue":{"id":3821,"author":"3","status":"publish","date":"2015-04-23 13:02:44","date_utc":"2015-04-23 12:02:44","modified":"2015-04-23 13:02:44","modified_utc":"2015-04-23 12:02:44","url":"https:\/\/www.teysalpi.ch\/wp\/lieu\/a-definir\/","venue":"A d\u00e9finir","slug":"a-definir","city":"Les Paccots","country":"Switzerland","province":"Vaud","zip":"1619","stateprovince":"Vaud","json_ld":{"@type":"Place","name":"A d\u00e9finir","description":"","url":"","address":{"@type":"PostalAddress","addressLocality":"Les Paccots","addressRegion":"Vaud","postalCode":"1619","addressCountry":"Switzerland"},"telephone":"","sameAs":""},"show_map":true,"show_map_link":true,"global_id":"www.teysalpi.ch\/wp?id=3821","global_id_lineage":["www.teysalpi.ch\/wp?id=3821"]},"organizer":[{"id":1460,"author":"2","status":"publish","date":"2014-08-07 19:00:54","date_utc":"2014-08-07 18:00:54","modified":"2014-08-07 19:00:54","modified_utc":"2014-08-07 18:00:54","url":"https:\/\/www.teysalpi.ch\/wp\/organisateur\/comite-teysalpi\/","organizer":"Comit\u00e9 Teysalpi","slug":"comite-teysalpi","json_ld":{"@type":"Person","name":"Comit\u00e9 Teysalpi","description":"","url":"","telephone":"","email":"","sameAs":""},"global_id":"www.teysalpi.ch\/wp?id=1460","global_id_lineage":["www.teysalpi.ch\/wp?id=1460"]}],"custom_fields":[],"json_ld":{"@context":"http:\/\/schema.org","@type":"Event","name":"Pr\u00e9paration physique 2021 &#8211; avant saison 3","description":"&lt;p&gt;\u00a0Th\u00e8me D\u00e9crassage \/ Reprise de la pr\u00e9parationRodage des muscles, histoire de pouvoir encore marcher avant de mettre les skis! Equipement- Affaire de course \u00e0 pied (trail)- Bonne lampe frontale- Habits [&hellip;]&lt;\/p&gt;\\n","image":"https:\/\/www.teysalpi.ch\/wp\/wp-content\/uploads\/2015\/12\/entra\u00eenemt_mercredi_3.png","url":"https:\/\/www.teysalpi.ch\/wp\/calendrier\/preparation-physique-2021-avant-saison-3\/","eventAttendanceMode":"https:\/\/schema.org\/OfflineEventAttendanceMode","eventStatus":"https:\/\/schema.org\/EventScheduled","startDate":"2021-11-03T18:30:00+01:00","endDate":"2021-11-03T20:00:00+01:00","location":{"@type":"Place","name":"A d\u00e9finir","description":"","url":"","address":{"@type":"PostalAddress","addressLocality":"Les Paccots","addressRegion":"Vaud","postalCode":"1619","addressCountry":"Switzerland"},"telephone":"","sameAs":""},"organizer":{"@type":"Person","name":"Comit\u00e9 Teysalpi","description":"","url":"","telephone":"","email":"","sameAs":""},"performer":"Organization"}}