{"id":1712,"date":"2014-08-12T14:22:11","date_gmt":"2014-08-12T13:22:11","guid":{"rendered":"http:\/\/www.teysalpi.ch\/wp\/?p=1712"},"modified":"2014-08-14T14:17:42","modified_gmt":"2014-08-14T13:17:42","slug":"assemblee-generale-2014","status":"publish","type":"post","link":"https:\/\/www.teysalpi.ch\/wp\/assemblee-generale-2014\/","title":{"rendered":"Assembl\u00e9e g\u00e9n\u00e9rale 2014"},"content":{"rendered":"<p><a href=\"http:\/\/www.teysalpi.ch\/wp\/assemblee-generale-2014\/\"><img loading=\"lazy\" decoding=\"async\" class=\"alignleft size-medium wp-image-77\" src=\"http:\/\/www.teysalpi.ch\/wp\/wp-content\/uploads\/2014\/07\/Teysalpi1-300x151.png\" alt=\"Logo Teysalpi\" width=\"300\" height=\"151\" \/><\/a>Ch\u00e8re Teysalpienne , Cher Teysalpien,<\/p>\n<p align=\"LEFT\">Les mois d\u00e9filent et nous voici d\u00e9j\u00e0 quasiment \u00e0 l\u2019aube de la prochaine saison. <!--more-->Le temps pour nous de (re)partager nos exploits et sorties de l\u2019hiver pass\u00e9, nos courses estivales et autres souvenirs de vacances. L\u2019assembl\u00e9e est un moment qui permet de tous se retrouver, de faire part de nouvelles id\u00e9es, de mettre en place divers projets. La pr\u00e9sence de chacun est vivement souhait\u00e9e par le comit\u00e9 et nous esp\u00e9rons donc vous y voir nombreux.<\/p>\n<p align=\"LEFT\">Comme chaque ann\u00e9e, il sera temps renouveler le comit\u00e9 et cette ann\u00e9e un changement est d\u2019ores et d\u00e9j\u00e0 annonc\u00e9 par la d\u00e9mission de C\u00e9cile Pasche. Les membres qui souhaitent pr\u00e9senter leur candidature peuvent se manifester d\u00e8s maintenant et jusqu\u2019au 5 septembre 2014 par mail (<a href=\"mailto:president@teysalpi.ch?subject=Candidature comit\u00e9 Teysalpi\">president(a)teysalpi.ch<\/a>). Si cela vous int\u00e9resse, n\u2019h\u00e9sitez pas \u00e0 nous contacter. Nous travaillons dans une bonne ambiance, le comit\u00e9 est motiv\u00e9 et cherche toujours \u00e0 innover et \u00e0 s\u2019investir dans de nouveaux projets mais \u00e9galement \u00e0 perdurer ce qui fonctionne bien et \u00e0 am\u00e9liorer l\u2019offre actuelle.<\/p>\n<p>Nous vous convions donc \u00e0 l&rsquo;AG 2014, le<span style=\"color: #d6009e;\"><strong> vendredi 12 septembre 2014 \u00e0 19h00<\/strong> <\/span>\u00e0 l&rsquo;Auberge du Lac des Joncs, aux Paccots.<\/p>\n<p>L&rsquo;assembl\u00e9e est une tr\u00e8s bonne occasion pour faire connaissance et participer \u00e0 la vie du club\u00a0; c\u2019est pourquoi, une fois la partie officielle cl\u00f4tur\u00e9e, nous vous invitons \u00e0 partager un souper en commun afin de passer un bon moment ensemble et de continuer les diverses discussions.<\/p>\n<p><span style=\"color: #d6009e;\"><strong><span style=\"text-decoration: underline;\">Menu du skieur (35.-)<\/span><\/strong><\/span><\/p>\n<p>Salade m\u00eal\u00e9e<br \/>\n***<br \/>\nMacaronis d&rsquo;alpage<br \/>\n***<br \/>\nDessert<\/p>\n<p><span style=\"color: #d6009e; text-decoration: underline;\"><strong>Inscription<\/strong><\/span><\/p>\n<p>Pour des raisons d&rsquo;organisation, merci de vous inscrire au moyen du lien suivant:<\/p>\n<a href='https:\/\/doodle.com\/p7im88uekqqbyfii' class='small-button smallpink' target=\"_blank\">Doodle<\/a>\n<p>&nbsp;<\/p>\n","protected":false},"excerpt":{"rendered":"<p>Ch\u00e8re Teysalpienne , Cher Teysalpien, Les mois d\u00e9filent et nous voici d\u00e9j\u00e0 quasiment \u00e0 l\u2019aube de la prochaine saison.<\/p>\n","protected":false},"author":2,"featured_media":0,"comment_status":"open","ping_status":"open","sticky":false,"template":"","format":"standard","meta":{"_et_pb_use_builder":"","_et_pb_old_content":"","_et_gb_content_width":"","footnotes":""},"categories":[3],"tags":[],"class_list":["post-1712","post","type-post","status-publish","format-standard","hentry","category-activites"],"_links":{"self":[{"href":"https:\/\/www.teysalpi.ch\/wp\/wp-json\/wp\/v2\/posts\/1712","targetHints":{"allow":["GET"]}}],"collection":[{"href":"https:\/\/www.teysalpi.ch\/wp\/wp-json\/wp\/v2\/posts"}],"about":[{"href":"https:\/\/www.teysalpi.ch\/wp\/wp-json\/wp\/v2\/types\/post"}],"author":[{"embeddable":true,"href":"https:\/\/www.teysalpi.ch\/wp\/wp-json\/wp\/v2\/users\/2"}],"replies":[{"embeddable":true,"href":"https:\/\/www.teysalpi.ch\/wp\/wp-json\/wp\/v2\/comments?post=1712"}],"version-history":[{"count":22,"href":"https:\/\/www.teysalpi.ch\/wp\/wp-json\/wp\/v2\/posts\/1712\/revisions"}],"predecessor-version":[{"id":1952,"href":"https:\/\/www.teysalpi.ch\/wp\/wp-json\/wp\/v2\/posts\/1712\/revisions\/1952"}],"wp:attachment":[{"href":"https:\/\/www.teysalpi.ch\/wp\/wp-json\/wp\/v2\/media?parent=1712"}],"wp:term":[{"taxonomy":"category","embeddable":true,"href":"https:\/\/www.teysalpi.ch\/wp\/wp-json\/wp\/v2\/categories?post=1712"},{"taxonomy":"post_tag","embeddable":true,"href":"https:\/\/www.teysalpi.ch\/wp\/wp-json\/wp\/v2\/tags?post=1712"}],"curies":[{"name":"wp","href":"https:\/\/api.w.org\/{rel}","templated":true}]}}